{"id":374,"date":"2021-03-25T10:15:13","date_gmt":"2021-03-25T10:15:13","guid":{"rendered":"https:\/\/www.parroquiasantamariaoliva.com\/13-de-marzo-pregon-semana-santa-2021-oliva-en-la-parroquia-de-santa-maria-la-major\/"},"modified":"2021-03-25T10:15:13","modified_gmt":"2021-03-25T10:15:13","slug":"13-de-marzo-pregon-semana-santa-2021-oliva-en-la-parroquia-de-santa-maria-la-major","status":"publish","type":"post","link":"https:\/\/www.parroquiasantamariaoliva.com\/es\/13-de-marzo-pregon-semana-santa-2021-oliva-en-la-parroquia-de-santa-maria-la-major\/","title":{"rendered":"13 de Marzo &#8211; Preg\u00f3n Semana Santa 2021 Oliva en la Parroquia de Santa Mar\u00eda La Major"},"content":{"rendered":"<p>PREG\u00d3N SEMANA SANTA De OLIVA 2021<\/p>\n<p>El pr\u00f3ximo s\u00e1bado, 13 de marzo a las 20.30 h., tendr\u00e1 lugar, a la Parroquia de Santa Maria la Mayor, el Preg\u00f3n de la Semana Santa de Oliva 2021, a cargo de D. *PRISCILIO RUIZ PICAZO.<\/p>\n<p>Natural de Iniesta, Cuenca, desde muy joven ha vivido en Val\u00e8ncia. Su progresiva formaci\u00f3n sacerdotal empez\u00f3 en el Seminario Menor, pasando despu\u00e9s por el Seminario Mayor de la Inmaculada y acabando sus estudios sacerdotales en el Seminario de la Presentaci\u00f3n de la Virgen Mar\u00eda y San Tom\u00e1s de Villanueva de la ciudad de Val\u00e8ncia.<\/p>\n<p>Fue ordenado sacerdote, junto con dos condisc\u00edpulos, en la Real Bas\u00edlica de la Virgen de los Desamparados por el *Arqubisbe D. Miguel Roca *Cabanellas.<br \/>\nSu destino inicial fue en tres pueblos de la Vall d&#8217;Albaida: B\u00e8lgida, Otos y Palomar, siendo nombrado, posteriormente, rector, de la parroquia de l&#8217;Alqueria de la Comtessa, destino en el cual estuvo durando 12 a\u00f1os. Desde septiembre del a\u00f1o 2000, es rector de la Parroquia de Sant Josep de la ciudad vecina de Gandia.<\/p>\n<p>Ha sido miembro de la Comisi\u00f3n de Relaciones Ecum\u00e9nicas e Interreligiosas de la Di\u00f3cesis de Val\u00e8ncia y consultor y asesor en materia de sectas de la Conferencia Episcopal Espa\u00f1ola.<br \/>\nDurante m\u00e1s de 15 a\u00f1os ha hecho trabajos de campo de las diferentes sectas, llegando a infiltrarse en algunas de ellas.<\/p>\n<p>Ha estado promotor en la creaci\u00f3n de la Fundaci\u00f3n *Veritas del Arzobispado de Val\u00e8ncia, entidad pionera en Espa\u00f1a en el estudio de sectas y nuevos movimientos religiosos, y constituida como centro continuo permanente de documentaci\u00f3n, reflexi\u00f3n, informaci\u00f3n e investigaci\u00f3n en esta materia. Esta fundaci\u00f3n pretende ofrecer a los rectores criterios en las situaciones en que, a veces, se pueden encontrar determinados feligreses.<\/p>\n<p>Cuando se hizo la presentaci\u00f3n de la Fundaci\u00f3n *Veritas D. *Priscilio hizo una precisi\u00f3n a tener en cuenta: \u00abLa fundaci\u00f3n nace no para ir contra nada, sino para servir a los que sufren\u00bb.<\/p>\n","protected":false},"excerpt":{"rendered":"<p>PREG\u00d3N SEMANA SANTA De OLIVA 2021 El pr\u00f3ximo s\u00e1bado, 13 de marzo a las 20.30 h., tendr\u00e1 lugar, a la Parroquia de Santa Maria la Mayor, el Preg\u00f3n de la Semana Santa de Oliva 2021, a cargo de D. *PRISCILIO RUIZ PICAZO. Natural de Iniesta, Cuenca, desde muy joven ha vivido en Val\u00e8ncia. Su progresiva [&hellip;]<\/p>\n","protected":false},"author":1,"featured_media":191,"comment_status":"closed","ping_status":"closed","sticky":false,"template":"","format":"standard","meta":{"_et_pb_use_builder":"","_et_pb_old_content":"","_et_gb_content_width":""},"categories":[17,16],"tags":[],"_links":{"self":[{"href":"https:\/\/www.parroquiasantamariaoliva.com\/es\/wp-json\/wp\/v2\/posts\/374"}],"collection":[{"href":"https:\/\/www.parroquiasantamariaoliva.com\/es\/wp-json\/wp\/v2\/posts"}],"about":[{"href":"https:\/\/www.parroquiasantamariaoliva.com\/es\/wp-json\/wp\/v2\/types\/post"}],"author":[{"embeddable":true,"href":"https:\/\/www.parroquiasantamariaoliva.com\/es\/wp-json\/wp\/v2\/users\/1"}],"replies":[{"embeddable":true,"href":"https:\/\/www.parroquiasantamariaoliva.com\/es\/wp-json\/wp\/v2\/comments?post=374"}],"version-history":[{"count":0,"href":"https:\/\/www.parroquiasantamariaoliva.com\/es\/wp-json\/wp\/v2\/posts\/374\/revisions"}],"wp:featuredmedia":[{"embeddable":true,"href":"https:\/\/www.parroquiasantamariaoliva.com\/es\/wp-json\/wp\/v2\/media\/191"}],"wp:attachment":[{"href":"https:\/\/www.parroquiasantamariaoliva.com\/es\/wp-json\/wp\/v2\/media?parent=374"}],"wp:term":[{"taxonomy":"category","embeddable":true,"href":"https:\/\/www.parroquiasantamariaoliva.com\/es\/wp-json\/wp\/v2\/categories?post=374"},{"taxonomy":"post_tag","embeddable":true,"href":"https:\/\/www.parroquiasantamariaoliva.com\/es\/wp-json\/wp\/v2\/tags?post=374"}],"curies":[{"name":"wp","href":"https:\/\/api.w.org\/{rel}","templated":true}]}}